{"id":41346,"date":"2022-11-02T13:20:42","date_gmt":"2022-11-02T10:20:42","guid":{"rendered":"https:\/\/f-chain.com\/?p=3321"},"modified":"2022-11-02T13:20:42","modified_gmt":"2022-11-02T10:20:42","slug":"celebration-of-the-99th-anniversary-of-the-turkish-republic-in-prague-az","status":"publish","type":"post","link":"https:\/\/az.f-chain.com\/az\/celebration-of-the-99th-anniversary-of-the-turkish-republic-in-prague-az\/","title":{"rendered":"Celebration of the 99th Anniversary of the Turkish Republic in Prague"},"content":{"rendered":"<div class=\"wpb-content-wrapper\"><p>[vc_row][vc_column width=&#8221;1\/2&#8243;][vc_column_text]On October 31, 2022, the Embassy of the Republic of Turkey to Czech Republic organized a reception in Prague, the capital of the country, dedicated to the 99<sup>th<\/sup> anniversary of the proclamation of the Turkish Republic, aboard the largest ship of the country, Grand Bohemia. Vaclav Klaus, former President of the Czech Republic, Jaroslav Kurfurst, Deputy Foreign Minister, representatives of Embassies and officials, as well as Teymur Akhundov, Country Manager of the Czech Republic were among the guests invited to the celebration.<\/p>\n<p>The national anthems of the Republic of Turkey and the Czech Republic were performed together by the military band of the Czech Defence Ministry, Feryal T\u00fcrko\u011flu , Director of Ankara State Opera and Ballet and Esra Poyrazo\u011flu, correpetitor.<\/p>\n<p>&nbsp;<\/p>\n<p>&nbsp;<\/p>\n<p>[\/vc_column_text][\/vc_column][vc_column width=&#8221;1\/2&#8243;][vc_gallery interval=&#8221;3&#8243; images=&#8221;3323,3324,3325,3326,3327&#8243; img_size=&#8221;full&#8221;][\/vc_column][\/vc_row][vc_row][vc_column][vc_column_text]Making an opening speech Egemen Ba\u011f\u0131\u015f, Ambassador of the Republic of Turkey to the Czech Republic, greeted the guests and mentioned about Turkey\u2019s efforts to gain a solid place among the democratic and modern nations of the world since its foundation. The Ambassador called a very good coincidence of Czechia\u2019s National Day on October 28 and the Republic Day of Turkey on October 29.<\/p>\n<p>Speaking about the common values shared by Turkey and Czechia,\u00a0 Mr. Ambassador expressed confidence the relations between the two countries to strengthen in the future.<\/p>\n<p>Expressing his happiness at being a friend of Turkey, Vaclav Klaus, former President of the Czech Republic, noted that it was his first national day celebration on a ship and appreciated the invitation of the Turkish Ambassador.[\/vc_column_text][\/vc_column][\/vc_row]<\/p>\n<\/div>","protected":false},"excerpt":{"rendered":"<p>[vc_row][vc_column width=&#8221;1\/2&#8243;][vc_column_text]On October 31, 2022, the Embassy of the Republic of Turkey to Czech Republic organized a reception in Prague, the capital of the country, dedicated to the 99th anniversary of the proclamation of the Turkish Republic, aboard the largest ship of the country, Grand Bohemia. Vaclav Klaus, former President of the Czech Republic, Jaroslav<\/p>\n","protected":false},"author":1,"featured_media":44918,"comment_status":"closed","ping_status":"closed","sticky":false,"template":"","format":"standard","meta":{"_acf_changed":false,"footnotes":""},"categories":[20,21],"tags":[],"class_list":["post-41346","post","type-post","status-publish","format-standard","hentry","category-feautured-post-ru","category-news-ribbon-ru"],"acf":[],"yoast_head":"<!-- This site is optimized with the Yoast SEO plugin v27.3 - https:\/\/yoast.com\/product\/yoast-seo-wordpress\/ -->\n<title>Celebration of the 99th Anniversary of the Turkish Republic in Prague - FChain<\/title>\n<meta name=\"robots\" content=\"index, follow, max-snippet:-1, max-image-preview:large, max-video-preview:-1\" \/>\n<link rel=\"canonical\" href=\"https:\/\/az.f-chain.com\/\" \/>\n<meta property=\"og:locale\" content=\"az_AZ\" \/>\n<meta property=\"og:type\" content=\"article\" \/>\n<meta property=\"og:title\" content=\"Celebration of the 99th Anniversary of the Turkish Republic in Prague - FChain\" \/>\n<meta property=\"og:description\" content=\"[vc_row][vc_column width=&#8221;1\/2&#8243;][vc_column_text]On October 31, 2022, the Embassy of the Republic of Turkey to Czech Republic organized a reception in Prague, the capital of the country, dedicated to the 99th anniversary of the proclamation of the Turkish Republic, aboard the largest ship of the country, Grand Bohemia. Vaclav Klaus, former President of the Czech Republic, Jaroslav\" \/>\n<meta property=\"og:url\" content=\"https:\/\/az.f-chain.com\/\" \/>\n<meta property=\"og:site_name\" content=\"FChain\" \/>\n<meta property=\"article:published_time\" content=\"2022-11-02T10:20:42+00:00\" \/>\n<meta property=\"og:image\" content=\"https:\/\/az.f-chain.com\/wp-content\/uploads\/2022\/11\/1667292461065-scaled-1.jpg\" \/>\n\t<meta property=\"og:image:width\" content=\"2560\" \/>\n\t<meta property=\"og:image:height\" content=\"1920\" \/>\n\t<meta property=\"og:image:type\" content=\"image\/jpeg\" \/>\n<meta name=\"author\" content=\"sdenisenko\" \/>\n<meta name=\"twitter:card\" content=\"summary_large_image\" \/>\n<script type=\"application\/ld+json\" class=\"yoast-schema-graph\">{\"@context\":\"https:\\\/\\\/schema.org\",\"@graph\":[{\"@type\":\"Article\",\"@id\":\"https:\\\/\\\/az.f-chain.com\\\/#article\",\"isPartOf\":{\"@id\":\"https:\\\/\\\/az.f-chain.com\\\/\"},\"author\":{\"name\":\"sdenisenko\",\"@id\":\"https:\\\/\\\/az.f-chain.com\\\/#\\\/schema\\\/person\\\/8d4dfc39f27e9845e4646d167bb4d61d\"},\"headline\":\"Celebration of the 99th Anniversary of the Turkish Republic in Prague\",\"datePublished\":\"2022-11-02T10:20:42+00:00\",\"mainEntityOfPage\":{\"@id\":\"https:\\\/\\\/az.f-chain.com\\\/\"},\"wordCount\":300,\"image\":{\"@id\":\"https:\\\/\\\/az.f-chain.com\\\/#primaryimage\"},\"thumbnailUrl\":\"https:\\\/\\\/az.f-chain.com\\\/wp-content\\\/uploads\\\/2022\\\/11\\\/1667292461065-scaled-1.jpg\",\"articleSection\":[\"Feautured post\",\"News ribbon\"],\"inLanguage\":\"az\"},{\"@type\":\"WebPage\",\"@id\":\"https:\\\/\\\/az.f-chain.com\\\/\",\"url\":\"https:\\\/\\\/az.f-chain.com\\\/\",\"name\":\"Celebration of the 99th Anniversary of the Turkish Republic in Prague - FChain\",\"isPartOf\":{\"@id\":\"https:\\\/\\\/az.f-chain.com\\\/#website\"},\"primaryImageOfPage\":{\"@id\":\"https:\\\/\\\/az.f-chain.com\\\/#primaryimage\"},\"image\":{\"@id\":\"https:\\\/\\\/az.f-chain.com\\\/#primaryimage\"},\"thumbnailUrl\":\"https:\\\/\\\/az.f-chain.com\\\/wp-content\\\/uploads\\\/2022\\\/11\\\/1667292461065-scaled-1.jpg\",\"datePublished\":\"2022-11-02T10:20:42+00:00\",\"author\":{\"@id\":\"https:\\\/\\\/az.f-chain.com\\\/#\\\/schema\\\/person\\\/8d4dfc39f27e9845e4646d167bb4d61d\"},\"breadcrumb\":{\"@id\":\"https:\\\/\\\/az.f-chain.com\\\/#breadcrumb\"},\"inLanguage\":\"az\",\"potentialAction\":[{\"@type\":\"ReadAction\",\"target\":[\"https:\\\/\\\/az.f-chain.com\\\/\"]}]},{\"@type\":\"ImageObject\",\"inLanguage\":\"az\",\"@id\":\"https:\\\/\\\/az.f-chain.com\\\/#primaryimage\",\"url\":\"https:\\\/\\\/az.f-chain.com\\\/wp-content\\\/uploads\\\/2022\\\/11\\\/1667292461065-scaled-1.jpg\",\"contentUrl\":\"https:\\\/\\\/az.f-chain.com\\\/wp-content\\\/uploads\\\/2022\\\/11\\\/1667292461065-scaled-1.jpg\",\"width\":2560,\"height\":1920},{\"@type\":\"BreadcrumbList\",\"@id\":\"https:\\\/\\\/az.f-chain.com\\\/#breadcrumb\",\"itemListElement\":[{\"@type\":\"ListItem\",\"position\":1,\"name\":\"Home\",\"item\":\"https:\\\/\\\/az.f-chain.com\\\/az\\\/\"},{\"@type\":\"ListItem\",\"position\":2,\"name\":\"Celebration of the 99th Anniversary of the Turkish Republic in Prague\"}]},{\"@type\":\"WebSite\",\"@id\":\"https:\\\/\\\/az.f-chain.com\\\/#website\",\"url\":\"https:\\\/\\\/az.f-chain.com\\\/\",\"name\":\"FChain\",\"description\":\"Azerbaijan\",\"potentialAction\":[{\"@type\":\"SearchAction\",\"target\":{\"@type\":\"EntryPoint\",\"urlTemplate\":\"https:\\\/\\\/az.f-chain.com\\\/?s={search_term_string}\"},\"query-input\":{\"@type\":\"PropertyValueSpecification\",\"valueRequired\":true,\"valueName\":\"search_term_string\"}}],\"inLanguage\":\"az\"},{\"@type\":\"Person\",\"@id\":\"https:\\\/\\\/az.f-chain.com\\\/#\\\/schema\\\/person\\\/8d4dfc39f27e9845e4646d167bb4d61d\",\"name\":\"sdenisenko\",\"sameAs\":[\"https:\\\/\\\/newaz.f-chain.com\"]}]}<\/script>\n<!-- \/ Yoast SEO plugin. -->","yoast_head_json":{"title":"Celebration of the 99th Anniversary of the Turkish Republic in Prague - FChain","robots":{"index":"index","follow":"follow","max-snippet":"max-snippet:-1","max-image-preview":"max-image-preview:large","max-video-preview":"max-video-preview:-1"},"canonical":"https:\/\/az.f-chain.com\/","og_locale":"az_AZ","og_type":"article","og_title":"Celebration of the 99th Anniversary of the Turkish Republic in Prague - FChain","og_description":"[vc_row][vc_column width=&#8221;1\/2&#8243;][vc_column_text]On October 31, 2022, the Embassy of the Republic of Turkey to Czech Republic organized a reception in Prague, the capital of the country, dedicated to the 99th anniversary of the proclamation of the Turkish Republic, aboard the largest ship of the country, Grand Bohemia. Vaclav Klaus, former President of the Czech Republic, Jaroslav","og_url":"https:\/\/az.f-chain.com\/","og_site_name":"FChain","article_published_time":"2022-11-02T10:20:42+00:00","og_image":[{"width":2560,"height":1920,"url":"https:\/\/az.f-chain.com\/wp-content\/uploads\/2022\/11\/1667292461065-scaled-1.jpg","type":"image\/jpeg"}],"author":"sdenisenko","twitter_card":"summary_large_image","schema":{"@context":"https:\/\/schema.org","@graph":[{"@type":"Article","@id":"https:\/\/az.f-chain.com\/#article","isPartOf":{"@id":"https:\/\/az.f-chain.com\/"},"author":{"name":"sdenisenko","@id":"https:\/\/az.f-chain.com\/#\/schema\/person\/8d4dfc39f27e9845e4646d167bb4d61d"},"headline":"Celebration of the 99th Anniversary of the Turkish Republic in Prague","datePublished":"2022-11-02T10:20:42+00:00","mainEntityOfPage":{"@id":"https:\/\/az.f-chain.com\/"},"wordCount":300,"image":{"@id":"https:\/\/az.f-chain.com\/#primaryimage"},"thumbnailUrl":"https:\/\/az.f-chain.com\/wp-content\/uploads\/2022\/11\/1667292461065-scaled-1.jpg","articleSection":["Feautured post","News ribbon"],"inLanguage":"az"},{"@type":"WebPage","@id":"https:\/\/az.f-chain.com\/","url":"https:\/\/az.f-chain.com\/","name":"Celebration of the 99th Anniversary of the Turkish Republic in Prague - FChain","isPartOf":{"@id":"https:\/\/az.f-chain.com\/#website"},"primaryImageOfPage":{"@id":"https:\/\/az.f-chain.com\/#primaryimage"},"image":{"@id":"https:\/\/az.f-chain.com\/#primaryimage"},"thumbnailUrl":"https:\/\/az.f-chain.com\/wp-content\/uploads\/2022\/11\/1667292461065-scaled-1.jpg","datePublished":"2022-11-02T10:20:42+00:00","author":{"@id":"https:\/\/az.f-chain.com\/#\/schema\/person\/8d4dfc39f27e9845e4646d167bb4d61d"},"breadcrumb":{"@id":"https:\/\/az.f-chain.com\/#breadcrumb"},"inLanguage":"az","potentialAction":[{"@type":"ReadAction","target":["https:\/\/az.f-chain.com\/"]}]},{"@type":"ImageObject","inLanguage":"az","@id":"https:\/\/az.f-chain.com\/#primaryimage","url":"https:\/\/az.f-chain.com\/wp-content\/uploads\/2022\/11\/1667292461065-scaled-1.jpg","contentUrl":"https:\/\/az.f-chain.com\/wp-content\/uploads\/2022\/11\/1667292461065-scaled-1.jpg","width":2560,"height":1920},{"@type":"BreadcrumbList","@id":"https:\/\/az.f-chain.com\/#breadcrumb","itemListElement":[{"@type":"ListItem","position":1,"name":"Home","item":"https:\/\/az.f-chain.com\/az\/"},{"@type":"ListItem","position":2,"name":"Celebration of the 99th Anniversary of the Turkish Republic in Prague"}]},{"@type":"WebSite","@id":"https:\/\/az.f-chain.com\/#website","url":"https:\/\/az.f-chain.com\/","name":"FChain","description":"Azerbaijan","potentialAction":[{"@type":"SearchAction","target":{"@type":"EntryPoint","urlTemplate":"https:\/\/az.f-chain.com\/?s={search_term_string}"},"query-input":{"@type":"PropertyValueSpecification","valueRequired":true,"valueName":"search_term_string"}}],"inLanguage":"az"},{"@type":"Person","@id":"https:\/\/az.f-chain.com\/#\/schema\/person\/8d4dfc39f27e9845e4646d167bb4d61d","name":"sdenisenko","sameAs":["https:\/\/newaz.f-chain.com"]}]}},"_links":{"self":[{"href":"https:\/\/az.f-chain.com\/az\/wp-json\/wp\/v2\/posts\/41346","targetHints":{"allow":["GET"]}}],"collection":[{"href":"https:\/\/az.f-chain.com\/az\/wp-json\/wp\/v2\/posts"}],"about":[{"href":"https:\/\/az.f-chain.com\/az\/wp-json\/wp\/v2\/types\/post"}],"author":[{"embeddable":true,"href":"https:\/\/az.f-chain.com\/az\/wp-json\/wp\/v2\/users\/1"}],"replies":[{"embeddable":true,"href":"https:\/\/az.f-chain.com\/az\/wp-json\/wp\/v2\/comments?post=41346"}],"version-history":[{"count":0,"href":"https:\/\/az.f-chain.com\/az\/wp-json\/wp\/v2\/posts\/41346\/revisions"}],"wp:featuredmedia":[{"embeddable":true,"href":"https:\/\/az.f-chain.com\/az\/wp-json\/wp\/v2\/media\/44918"}],"wp:attachment":[{"href":"https:\/\/az.f-chain.com\/az\/wp-json\/wp\/v2\/media?parent=41346"}],"wp:term":[{"taxonomy":"category","embeddable":true,"href":"https:\/\/az.f-chain.com\/az\/wp-json\/wp\/v2\/categories?post=41346"},{"taxonomy":"post_tag","embeddable":true,"href":"https:\/\/az.f-chain.com\/az\/wp-json\/wp\/v2\/tags?post=41346"}],"curies":[{"name":"wp","href":"https:\/\/api.w.org\/{rel}","templated":true}]}}